{"id":83846,"date":"2024-08-01T21:16:17","date_gmt":"2024-08-01T21:16:17","guid":{"rendered":"https:\/\/www.expondo.co.uk\/inspirations\/which-ozone-generator-should-you-choose\/"},"modified":"2024-08-01T21:17:05","modified_gmt":"2024-08-01T21:17:05","slug":"melyik-ozongeneratort-valasszuk","status":"publish","type":"post","link":"https:\/\/www.expondo.hu\/inspiraciok\/melyik-ozongeneratort-valasszuk\/","title":{"rendered":"Milyen \u00f3zongener\u00e1tort v\u00e1lasszunk? Mire haszn\u00e1lj\u00e1k az \u00f3zongener\u00e1torokat \u00e9s hogyan m\u0171k\u00f6dnek?"},"content":{"rendered":"\n<p><strong>Az \u00f3zonkezel\u00e9s az egyik leghat\u00e9konyabb m\u00f3dszer a helyis\u00e9gek fert\u0151tlen\u00edt\u00e9s\u00e9re. Olvassa el cikk\u00fcnket, \u00e9s megtudja, melyik \u00f3zongener\u00e1tort v\u00e1lassza aut\u00f3j\u00e1ba, \u00e9s melyiket otthon\u00e1ba vagy v\u00e1llalkoz\u00e1s\u00e1ba. Ezen k\u00edv\u00fcl \u00f6sszehasonl\u00edtjuk haszn\u00e1latuk el\u0151nyeit takar\u00edt\u00f3- \u00e9s sz\u00e1ll\u00edt\u00f3c\u00e9gekben, valamint m\u0171helyekben. Megn\u00e9zz\u00fck azokat a param\u00e9tereket is, amelyekre figyelni kell az \u00f3zongener\u00e1tor kiv\u00e1laszt\u00e1sakor.<\/strong><\/p>\n\n\n<div class=\"wp-block-ub-table-of-contents-block ub_table-of-contents\" data-showtext=\"show\" data-hidetext=\"hide\" data-scrolltype=\"auto\" id=\"ub_table-of-contents-ec1bc1e9-f161-4ca3-9e8f-4f7bf0fe5e21\" data-initiallyhideonmobile=\"false\"\n                    data-initiallyshow=\"true\"><div class=\"ub_table-of-contents-header-container\"><div class=\"ub_table-of-contents-header\">\n                    <div class=\"ub_table-of-contents-title\"><\/div><\/div><\/div><div class=\"ub_table-of-contents-extra-container\"><div class=\"ub_table-of-contents-container ub_table-of-contents-1-column \"><ul><li><a href=https:\/\/www.expondo.hu\/inspiraciok\/melyik-ozongeneratort-valasszuk\/#0-mire-haszn%C3%A1lj%C3%A1k-az-%C3%B3zongener%C3%A1torokat>Mire haszn\u00e1lj\u00e1k az \u00f3zongener\u00e1torokat?<\/a><\/li><li><a href=https:\/\/www.expondo.hu\/inspiraciok\/melyik-ozongeneratort-valasszuk\/#1-hogyan-m%C5%B1k%C3%B6dnek-az-%C3%B3zongener%C3%A1torok->Hogyan m\u0171k\u00f6dnek az \u00f3zongener\u00e1torok?<\/a><\/li><li><a href=https:\/\/www.expondo.hu\/inspiraciok\/melyik-ozongeneratort-valasszuk\/#2-milyen-%C3%B3zongener%C3%A1tort-v%C3%A1lasszunk-%C3%A9s-mire-%C3%A9rdemes-odafigyelni->Milyen \u00f3zongener\u00e1tort v\u00e1lasszunk \u00e9s mire \u00e9rdemes odafigyelni?<\/a><\/li><li><a href=https:\/\/www.expondo.hu\/inspiraciok\/melyik-ozongeneratort-valasszuk\/#3-az-%C3%B3zongener%C3%A1torok-t%C3%ADpusai-a-felhaszn%C3%A1l%C3%A1st%C3%B3l-f%C3%BCgg%C5%91en>Az \u00f3zongener\u00e1torok t\u00edpusai a felhaszn\u00e1l\u00e1st\u00f3l f\u00fcgg\u0151en<\/a><ul><li><a href=https:\/\/www.expondo.hu\/inspiraciok\/melyik-ozongeneratort-valasszuk\/#4-melyik-%C3%B3zongener%C3%A1tor-a-legjobb-egy-k%C3%B6zleked%C3%A9si-v%C3%A1llalat-sz%C3%A1m%C3%A1ra>Melyik \u00f3zongener\u00e1tor a legjobb egy k\u00f6zleked\u00e9si v\u00e1llalat sz\u00e1m\u00e1ra?<\/a><\/li><\/ul><\/li><li><a href=https:\/\/www.expondo.hu\/inspiraciok\/melyik-ozongeneratort-valasszuk\/#5-melyik-%C3%B3zongener%C3%A1tor-a-legjobb-mag%C3%A1nh%C3%A1zakhoz-%C3%A9s-m%C5%B1helyekhez>Melyik \u00f3zongener\u00e1tor a legjobb mag\u00e1nh\u00e1zakhoz \u00e9s m\u0171helyekhez?<\/a><\/li><li><a href=https:\/\/www.expondo.hu\/inspiraciok\/melyik-ozongeneratort-valasszuk\/#6-milyen-%C3%B3zongener%C3%A1tort-%C3%A9rdemes-v%C3%A1s%C3%A1rolni-%C3%B6sszefoglal%C3%B3>Milyen \u00f3zongener\u00e1tort \u00e9rdemes v\u00e1s\u00e1rolni &#8211; \u00f6sszefoglal\u00f3<\/a><\/li><\/ul><\/div><\/div><\/div>\n\n\n<h2 class=\"wp-block-heading\" id=\"0-mire-haszn%C3%A1lj%C3%A1k-az-%C3%B3zongener%C3%A1torokat\">Mire haszn\u00e1lj\u00e1k az \u00f3zongener\u00e1torokat?<\/h2>\n\n\n\n<p>Az \u00f3zongener\u00e1torok a helyis\u00e9gek leveg\u0151j\u00e9nek tiszt\u00edt\u00e1s\u00e1ra szolg\u00e1lnak a kellemetlen szagokt\u00f3l, bakt\u00e9riumokt\u00f3l, allerg\u00e9nekt\u0151l \u00e9s pen\u00e9szsp\u00f3r\u00e1kt\u00f3l. A gener\u00e1torok sz\u00e1mos k\u00fcl\u00f6nb\u00f6z\u0151 helyen j\u00f3l j\u00f6hetnek. A gy\u00f3gy\u00e1szatban \u00e9s az \u00e9lelmiszer- \u00e9s italiparban magas szint\u0171 higi\u00e9ni\u00e1t biztos\u00edtanak, a professzion\u00e1lis takar\u00edt\u00f3c\u00e9gek pedig t\u0171z vagy \u00e1rv\u00edz ut\u00e1ni takar\u00edt\u00e1skor haszn\u00e1lj\u00e1k \u0151ket. Ide\u00e1lisak mag\u00e1nh\u00e1zak fert\u0151tlen\u00edt\u00e9s\u00e9re is.<\/p>\n\n\n\n<h2 class=\"wp-block-heading\" id=\"1-hogyan-m%C5%B1k%C3%B6dnek-az-%C3%B3zongener%C3%A1torok-\">Hogyan m\u0171k\u00f6dnek az \u00f3zongener\u00e1torok? <\/h2>\n\n\n\n<p>Az \u00f3zongener\u00e1torok \u00fagy \u00e1ll\u00edtj\u00e1k el\u0151 az \u00f3zont, hogy az oxig\u00e9nmolekul\u00e1kat egyes atomokra bontj\u00e1k, amelyek azt\u00e1n a leveg\u0151ben l\u00e9v\u0151 m\u00e1s oxig\u00e9nmolekul\u00e1khoz kapcsol\u00f3dnak, \u00e9s \u00f3zont k\u00e9peznek. Egy sz\u0171r\u0151n kereszt\u00fcl leveg\u0151t sz\u00edvnak be a ventil\u00e1torba, amit azt\u00e1n tov\u00e1bb vezetnek. Az oxig\u00e9nmolekul\u00e1kat elektromos kis\u00fcl\u00e9sek v\u00e1lasztj\u00e1k el egy speci\u00e1lis lemeznek k\u00f6sz\u00f6nhet\u0151en. Ekkor \u00f3zon szabadul fel. F\u00fcggetlen\u00fcl att\u00f3l, hogy melyik \u00f3zongener\u00e1tort v\u00e1lasztja aut\u00f3j\u00e1hoz, otthon\u00e1hoz vagy v\u00e1llalkoz\u00e1s\u00e1hoz, a fent le\u00edrt elv szerint fog m\u0171k\u00f6dni. Egyes modellek UV l\u00e1mp\u00e1val is fel vannak szerelve, amely biocid tulajdons\u00e1gainak k\u00f6sz\u00f6nhet\u0151en fokozza a kibocs\u00e1tott g\u00e1z hat\u00e1s\u00e1t.<\/p>\n\n\n\n<h2 class=\"wp-block-heading\" id=\"2-milyen-%C3%B3zongener%C3%A1tort-v%C3%A1lasszunk-%C3%A9s-mire-%C3%A9rdemes-odafigyelni-\"><strong>Milyen \u00f3zongener\u00e1tort v\u00e1lasszunk \u00e9s mire \u00e9rdemes odafigyelni?<\/strong><\/h2>\n\n\n\n<p>Ha k\u00edv\u00e1ncsi arra, hogy melyik \u00f3zongener\u00e1tort v\u00e1s\u00e1rolja meg, mindenekel\u0151tt a param\u00e9terekre kell figyelnie, amelyeknek \u00f6sszhangban kell lenni\u00fck az \u00d6n ig\u00e9nyeivel. A gy\u00e1rt\u00f3k \u00e1ltal megadott legfontosabb \u00e9rt\u00e9k a mg\/h-ban megadott n\u00e9vleges \u00f3zonhat\u00e9konys\u00e1g. Azt jelzi, hogy a gener\u00e1tor mennyi \u00f3zont termel egy \u00f3ra haszn\u00e1lat sor\u00e1n. Kis helyekre, p\u00e9ld\u00e1ul aut\u00f3kra, a legal\u00e1bb 5000 mg\/h teljes\u00edtm\u00e9ny\u0171 gener\u00e1torok j\u00f3l megfelelnek. Nagy helyis\u00e9gekn\u00e9l viszont az ide\u00e1lis hat\u00e1sfok 15 000 mg\/h k\u00f6r\u00fcl lenne.<\/p>\n\n\n\n<p><br>A gener\u00e1tor m\u00e9rete is befoly\u00e1solja a hat\u00e9konys\u00e1g\u00e1t. Miut\u00e1n ellen\u0151rizte, hogy a gener\u00e1tor mennyi \u00f3zont termel, m\u00e9rlegelnie kell, hogy egy adott m\u00e9ret\u0171 helyis\u00e9ghez melyik \u00f3zongener\u00e1tort v\u00e1lassza. M\u00e1s modellre lesz sz\u00fcks\u00e9ge egy kis lak\u00e1shoz, mint egy nagy gy\u00e1rt\u00f3\u00fczemhez. A param\u00e9terek elemz\u00e9sekor \u00fcgyeljen a ventil\u00e1tor hat\u00e1sfok\u00e1ra. Az \u00f3zonoz\u00e1si folyamat sor\u00e1n a kering\u00e9s hat\u00e9konys\u00e1g\u00e1t jelzi, \u00e9s leggyakrabban cum\/h-ban jelenik meg.<\/p>\n\n\n              <div id=\"expondo-products-block_86b4fbd177d9f11b8efaf439954a3fd4\" class=\"expondo-block expondo-block--products\">\n          <div class=\"expondo-block__inner-container\">\n            <ul class=\"list list--products\">\n                              <li class=\"item\">\n                  <a href=\"\/ulsonix-ozongenerator-5-000-mg-h-65-w-10050056\">\n                    <img loading=\"lazy\" decoding=\"async\" src=\"https:\/\/assets.expondo.com\/asset\/product_photos\/10050056_photo_1\" width=\"600\" height=\"600\" alt=\"\" class=\"image\" \/>\n                  <\/a>\n                  <strong class=\"title\">\n                    <a href=\"\/ulsonix-ozongenerator-5-000-mg-h-65-w-10050056\">\n                        \u00d3zongener\u00e1tor &#8211; 5.000 mg\/h &#8211; 65 W                    <\/a>\n                  <\/strong>\n\n                                      <span class=\"price\">\n                                          <\/span>\n                                  <\/li>\n                              <li class=\"item\">\n                  <a href=\"\/ulsonix-ozongenerator-7-000-mg-h-100-w-10050117\">\n                    <img loading=\"lazy\" decoding=\"async\" src=\"https:\/\/assets.expondo.com\/asset\/product_photos\/10050117_photo_1\" width=\"600\" height=\"600\" alt=\"\" class=\"image\" \/>\n                  <\/a>\n                  <strong class=\"title\">\n                    <a href=\"\/ulsonix-ozongenerator-7-000-mg-h-100-w-10050117\">\n                        \u00d3zongener\u00e1tor &#8211; 7.000 mg\/h &#8211; 100 W                    <\/a>\n                  <\/strong>\n\n                                      <span class=\"price\">\n                                          <\/span>\n                                  <\/li>\n                              <li class=\"item\">\n                  <a href=\"\/ulsonix-ozongenerator-7-000-mg-ora-98-watt-10050051\">\n                    <img loading=\"lazy\" decoding=\"async\" src=\"https:\/\/assets.expondo.com\/asset\/product_photos\/10050051_photo_1\" width=\"600\" height=\"600\" alt=\"\" class=\"image\" \/>\n                  <\/a>\n                  <strong class=\"title\">\n                    <a href=\"\/ulsonix-ozongenerator-7-000-mg-ora-98-watt-10050051\">\n                        \u00d3zongener\u00e1tor &#8211; 7.000 mg\/\u00f3ra &#8211; 98 Watt                    <\/a>\n                  <\/strong>\n\n                                      <span class=\"price\">\n                                          <\/span>\n                                  <\/li>\n                              <li class=\"item\">\n                  <a href=\"\/ulsonix-ozongenerator-20-000-mg-ora-205-watt-digitalis-10050053\">\n                    <img loading=\"lazy\" decoding=\"async\" src=\"https:\/\/assets.expondo.com\/asset\/product_photos\/10050053_photo_1\" width=\"600\" height=\"600\" alt=\"\" class=\"image\" \/>\n                  <\/a>\n                  <strong class=\"title\">\n                    <a href=\"\/ulsonix-ozongenerator-20-000-mg-ora-205-watt-digitalis-10050053\">\n                        \u00d3zongener\u00e1tor &#8211; 20 000 mg\/h &#8211; 205 W &#8211; digit\u00e1lis                    <\/a>\n                  <\/strong>\n\n                                      <span class=\"price\">\n                                          <\/span>\n                                  <\/li>\n                          <\/ul>\n          <\/div>\n        <\/div>\n        \n\n\n<h2 class=\"wp-block-heading\" id=\"3-az-%C3%B3zongener%C3%A1torok-t%C3%ADpusai-a-felhaszn%C3%A1l%C3%A1st%C3%B3l-f%C3%BCgg%C5%91en\">Az \u00f3zongener\u00e1torok t\u00edpusai a felhaszn\u00e1l\u00e1st\u00f3l f\u00fcgg\u0151en<\/h2>\n\n\n\n<p>Az \u00f3zongener\u00e1torokat szigor\u00faan meghat\u00e1rozott c\u00e9lra tervezt\u00e9k \u2013 a leveg\u0151 megtiszt\u00edt\u00e1s\u00e1ra a kellemetlen szagokt\u00f3l, bakt\u00e9riumokt\u00f3l, allerg\u00e9nekt\u0151l \u00e9s pen\u00e9szsp\u00f3r\u00e1kt\u00f3l. Pontos c\u00e9ljuk azonban a param\u00e9terekt\u0151l f\u00fcgg. Egyes \u00f3zongener\u00e1torok t\u00f6k\u00e9letesek ipari \u00e9s professzion\u00e1lis haszn\u00e1latra, m\u00e1sok mag\u00e1nlak\u00e1sokhoz vagy j\u00e1rm\u0171vekhez.<\/p>\n\n\n\n<h3 class=\"wp-block-heading\" id=\"4-melyik-%C3%B3zongener%C3%A1tor-a-legjobb-egy-k%C3%B6zleked%C3%A9si-v%C3%A1llalat-sz%C3%A1m%C3%A1ra\">Melyik \u00f3zongener\u00e1tor a legjobb egy k\u00f6zleked\u00e9si v\u00e1llalat sz\u00e1m\u00e1ra?<\/h3>\n\n\n\n<p>Ha \u00f3zongener\u00e1tort szeretne v\u00e1s\u00e1rolni egy k\u00f6zleked\u00e9si v\u00e1llalat sz\u00e1m\u00e1ra, el\u0151sz\u00f6r meg kell tudnia, melyik a legmegfelel\u0151bb j\u00e1rm\u0171ben val\u00f3 haszn\u00e1latra. Nemcsak a kellemetlen szagok elt\u00e1vol\u00edt\u00e1s\u00e1ra szolg\u00e1l majd az aut\u00f3 belsej\u00e9b\u0151l, hanem antibakteri\u00e1lis tiszt\u00edt\u00e1sra is. Ehhez ir\u00e1ny\u00edtsa az \u00f3zongener\u00e1tor kimenet\u00e9t a l\u00e9gkondicion\u00e1l\u00f3 rendszerbe sz\u00edvott leveg\u0151 hely\u00e9re, majd kapcsolja be a bels\u0151 keringtet\u00e9s\u0171 leveg\u0151ell\u00e1t\u00e1st (maxim\u00e1lis teljes\u00edtm\u00e9ny, legalacsonyabb h\u0151m\u00e9rs\u00e9klet).<\/p>\n\n\n\n<p><br>Az aut\u00f3k kl\u00edm\u00e1j\u00e1ra eg\u00e9sz \u00e9vben \u00fcgyelni kell, \u00edgy ny\u00e1ron \u00e9s t\u00e9len is \u00e9rdemes megism\u00e9telni. A teheraut\u00f3 vezet\u0151f\u00fclk\u00e9je vagy a taxi belseje rendszeres haszn\u00e1latuk miatt k\u00fcl\u00f6n\u00f6s figyelmet ig\u00e9nyel, ez\u00e9rt minden k\u00f6zleked\u00e9si v\u00e1llalatot fel kell szerelni \u00f3zongener\u00e1torral. Legal\u00e1bb 5000 mg\/h kapacit\u00e1s\u00fa modell javasolt, hogy viszonylag r\u00f6vid id\u0151n bel\u00fcl \u00e1t lehessen vinni a teljes folyamatot.<\/p>\n\n\n\n<figure class=\"wp-block-table is-style-regular\"><table class=\"has-black-color has-white-background-color has-text-color has-background\"><tbody><tr><td class=\"has-text-align-center\" data-align=\"center\"><\/td><td class=\"has-text-align-center\" data-align=\"center\"><a href=\"https:\/\/www.expondo.co.uk\/ulsonix-industrial-air-purifier-7-000-mg-h-94-w-10050117\/\" target=\"_blank\" rel=\"noreferrer noopener nofollow\"><img loading=\"lazy\" decoding=\"async\" width=\"140\" height=\"140\" class=\"wp-image-15401\" style=\"width: 140px;\" src=\"https:\/\/www.expondo.pl\/inspirations\/wp-content\/uploads\/2021\/04\/10050117-1.jpg\" alt=\"\" srcset=\"https:\/\/www.expondo.hu\/inspiraciok\/wp-content\/uploads\/2021\/04\/10050117-1.jpg 1600w, https:\/\/www.expondo.hu\/inspiraciok\/wp-content\/uploads\/2021\/04\/10050117-1-300x300.jpg 300w, https:\/\/www.expondo.hu\/inspiraciok\/wp-content\/uploads\/2021\/04\/10050117-1-1088x1088.jpg 1088w, https:\/\/www.expondo.hu\/inspiraciok\/wp-content\/uploads\/2021\/04\/10050117-1-150x150.jpg 150w, https:\/\/www.expondo.hu\/inspiraciok\/wp-content\/uploads\/2021\/04\/10050117-1-768x768.jpg 768w, https:\/\/www.expondo.hu\/inspiraciok\/wp-content\/uploads\/2021\/04\/10050117-1-1536x1536.jpg 1536w\" sizes=\"(max-width: 140px) 100vw, 140px\" \/><\/a><br><a href=\"https:\/\/www.expondo.co.uk\/ulsonix-industrial-air-purifier-7-000-mg-h-94-w-10050117\/\" rel=\"nofollow noopener\" target=\"_blank\">Industrial Air Purifier- 7,000 mg\/h &#8211; 94 W<br><a href=\"https:\/\/www.expondo.co.uk\/ulsonix-industrial-air-purifier-7-000-mg-h-94-w-10050117#\/\" rel=\"nofollow noopener\" target=\"_blank\"><\/a><\/a><\/td><td class=\"has-text-align-center\" data-align=\"center\"><a href=\"https:\/\/www.expondo.co.uk\/ulsonix-ozone-generator-10-000-mg-h-100-w-timer-180-min-10050237\/\" target=\"_blank\" rel=\"noreferrer noopener nofollow\"><img loading=\"lazy\" decoding=\"async\" width=\"140\" height=\"140\" class=\"wp-image-15407\" style=\"width: 140px;\" src=\"https:\/\/www.expondo.pl\/inspirations\/wp-content\/uploads\/2021\/04\/10050237-1.jpg\" alt=\"\" srcset=\"https:\/\/www.expondo.hu\/inspiraciok\/wp-content\/uploads\/2021\/04\/10050237-1.jpg 1600w, https:\/\/www.expondo.hu\/inspiraciok\/wp-content\/uploads\/2021\/04\/10050237-1-300x300.jpg 300w, https:\/\/www.expondo.hu\/inspiraciok\/wp-content\/uploads\/2021\/04\/10050237-1-1088x1088.jpg 1088w, https:\/\/www.expondo.hu\/inspiraciok\/wp-content\/uploads\/2021\/04\/10050237-1-150x150.jpg 150w, https:\/\/www.expondo.hu\/inspiraciok\/wp-content\/uploads\/2021\/04\/10050237-1-768x768.jpg 768w, https:\/\/www.expondo.hu\/inspiraciok\/wp-content\/uploads\/2021\/04\/10050237-1-1536x1536.jpg 1536w\" sizes=\"(max-width: 140px) 100vw, 140px\" \/><\/a><br><a href=\"https:\/\/www.expondo.co.uk\/ulsonix-ozone-generator-10-000-mg-h-100-w-timer-180-min-10050237\/\" rel=\"nofollow noopener\" target=\"_blank\">Ozone Generator &#8211; 10,000 mg\/h &#8211; 100 W &#8211; timer 180 min<\/a><\/td><td class=\"has-text-align-center\" data-align=\"center\"><a href=\"https:\/\/www.expondo.co.uk\/ulsonix-ozone-generator-15-000-mg-h-160-w-digital-10050054\/\" target=\"_blank\" rel=\"noreferrer noopener nofollow\"><img loading=\"lazy\" decoding=\"async\" width=\"140\" height=\"140\" class=\"wp-image-15426\" style=\"width: 140px;\" src=\"https:\/\/www.expondo.pl\/inspirations\/wp-content\/uploads\/2021\/04\/10050054-1.jpg\" alt=\"\" srcset=\"https:\/\/www.expondo.hu\/inspiraciok\/wp-content\/uploads\/2021\/04\/10050054-1.jpg 1600w, https:\/\/www.expondo.hu\/inspiraciok\/wp-content\/uploads\/2021\/04\/10050054-1-300x300.jpg 300w, https:\/\/www.expondo.hu\/inspiraciok\/wp-content\/uploads\/2021\/04\/10050054-1-1088x1088.jpg 1088w, https:\/\/www.expondo.hu\/inspiraciok\/wp-content\/uploads\/2021\/04\/10050054-1-150x150.jpg 150w, https:\/\/www.expondo.hu\/inspiraciok\/wp-content\/uploads\/2021\/04\/10050054-1-768x768.jpg 768w, https:\/\/www.expondo.hu\/inspiraciok\/wp-content\/uploads\/2021\/04\/10050054-1-1536x1536.jpg 1536w\" sizes=\"(max-width: 140px) 100vw, 140px\" \/><\/a><br><a href=\"https:\/\/www.expondo.co.uk\/ulsonix-ozone-generator-15-000-mg-h-160-w-digital-10050054\/\" rel=\"nofollow noopener\" target=\"_blank\">Ozone Generator &#8211; 15,000 mg\/h &#8211; 160 W &#8211; digital<\/a><\/td><\/tr><tr><td class=\"has-text-align-center\" data-align=\"center\"><strong>Power<\/strong><\/td><td class=\"has-text-align-center\" data-align=\"center\">94 W<\/td><td class=\"has-text-align-center\" data-align=\"center\">100 W<\/td><td class=\"has-text-align-center\" data-align=\"center\">160 W<\/td><\/tr><tr><td class=\"has-text-align-center\" data-align=\"center\"><strong>Efficiency<\/strong><\/td><td class=\"has-text-align-center\" data-align=\"center\">7000 mg\/h<\/td><td class=\"has-text-align-center\" data-align=\"center\">10000 mg\/h<\/td><td class=\"has-text-align-center\" data-align=\"center\">15000 mg\/h<\/td><\/tr><tr><td class=\"has-text-align-center\" data-align=\"center\"><strong>Circulation<\/strong><\/td><td class=\"has-text-align-center\" data-align=\"center\">170 m\u1dbe\/h<\/td><td class=\"has-text-align-center\" data-align=\"center\">97,5 m\u1dbe\/h<\/td><td class=\"has-text-align-center\" data-align=\"center\">170 m\u1dbe\/h <\/td><\/tr><tr><td class=\"has-text-align-center\" data-align=\"center\"><strong>Timer<\/strong><\/td><td class=\"has-text-align-center\" data-align=\"center\">0 &#8211; 120 min<\/td><td class=\"has-text-align-center\" data-align=\"center\">0 &#8211; 180 min<\/td><td class=\"has-text-align-center\" data-align=\"center\">0 &#8211; 24 h<\/td><\/tr><tr><td class=\"has-text-align-center\" data-align=\"center\"><strong>Voltage \/ Frequency<\/strong><\/td><td class=\"has-text-align-center\" data-align=\"center\">power cable 1,5 m<\/td><td class=\"has-text-align-center\" data-align=\"center\">power cable 1,5 m<\/td><td class=\"has-text-align-center\" data-align=\"center\">power cable 2,3 m<\/td><\/tr><tr><td class=\"has-text-align-center\" data-align=\"center\"><strong>Dimensions (LxWxH)<\/strong><\/td><td class=\"has-text-align-center\" data-align=\"center\">23.50 x 18.00 x 21.30 cm<\/td><td class=\"has-text-align-center\" data-align=\"center\">30.00 x 26.00 x 24.00 cm<\/td><td class=\"has-text-align-center\" data-align=\"center\">38,00 x 24,00 x 34,00 cm<\/td><\/tr><tr><td class=\"has-text-align-center\" data-align=\"center\"><strong>Weight<\/strong><\/td><td class=\"has-text-align-center\" data-align=\"center\">2,80 kg<\/td><td class=\"has-text-align-center\" data-align=\"center\">2,85 kg<\/td><td class=\"has-text-align-center\" data-align=\"center\">5,40 kg<\/td><\/tr><\/tbody><\/table><\/figure>\n\n\n\n<style>\ntable td {\nborder: solid 1px #000;\npadding: 1em;\n}\n<\/style>\n\n\n\n<h2 class=\"wp-block-heading\" id=\"5-melyik-%C3%B3zongener%C3%A1tor-a-legjobb-mag%C3%A1nh%C3%A1zakhoz-%C3%A9s-m%C5%B1helyekhez\">Melyik \u00f3zongener\u00e1tor a legjobb mag\u00e1nh\u00e1zakhoz \u00e9s m\u0171helyekhez?<\/h2>\n\n\n\n<p>Az \u00f3zongener\u00e1torokat nem csak professzion\u00e1lis haszn\u00e1latra sz\u00e1nj\u00e1k. Mag\u00e1nlak\u00e1sokban is hasznosak, bele\u00e9rtve az otthoni m\u0171helyeket is. K\u00fcl\u00f6n\u00f6sen aj\u00e1nlott allergi\u00e1soknak, l\u00e9g\u00fati betegs\u00e9gben szenved\u0151knek \u00e9s \u00fajsz\u00fcl\u00f6tteknek. Haszn\u00e1laton k\u00edv\u00fcli, pl. b\u00e9rbead\u00e1sra sz\u00e1nt ingatlanok leveg\u0151j\u00e9nek felfriss\u00edt\u00e9s\u00e9re is alkalmasak.<\/p>\n\n\n\n<p><br>Ha k\u00edv\u00e1ncsi arra, hogy melyik \u00f3zongener\u00e1tort v\u00e1lasszon egy mag\u00e1nh\u00e1zhoz, akkor is \u00e9rdemes \u00f6sszehasonl\u00edtania a param\u00e9tereket. Nem kell megegyezni\u00fck a professzion\u00e1lis felszerel\u00e9sekkel, de a hat\u00e9konys\u00e1g tov\u00e1bbra is fontos. Ne feledje, hogy a nagyobb hat\u00e9konys\u00e1g gyorsabb \u00f3zonkezel\u00e9st jelent. Sok modell rendelkezik id\u0151z\u00edt\u0151vel a munkaid\u0151 be\u00e1ll\u00edt\u00e1s\u00e1hoz. Kis helyis\u00e9gek (pl. konyha vagy f\u00fcrd\u0151szoba) csak n\u00e9h\u00e1ny percig, m\u00edg a nagyobbak ak\u00e1r k\u00e9t \u00f3r\u00e1t is ig\u00e9nybe vehetnek (modellt\u0151l f\u00fcgg\u0151en).<\/p>\n\n\n\n<p>Az \u00f3zongener\u00e1torok nem az egyetlen berendez\u00e9sek, amelyek seg\u00edtenek fenntartani a magas szint\u0171 higi\u00e9ni\u00e1t otthon. A ruhap\u00e1rol\u00f3k hasonl\u00f3 eszk\u00f6z\u00f6k, b\u00e1r f\u0151leg ruh\u00e1khoz haszn\u00e1lj\u00e1k.<\/p>\n\n\n\n<h2 class=\"wp-block-heading\" id=\"6-milyen-%C3%B3zongener%C3%A1tort-%C3%A9rdemes-v%C3%A1s%C3%A1rolni-%C3%B6sszefoglal%C3%B3\">Milyen \u00f3zongener\u00e1tort \u00e9rdemes v\u00e1s\u00e1rolni &#8211; \u00f6sszefoglal\u00f3<\/h2>\n\n\n\n<p>B\u00e1r minden eszk\u00f6z teljes\u00edti alapvet\u0151 rendeltet\u00e9s\u00e9t, nem minden modell lesz hat\u00e9kony \u00e9s optim\u00e1lis egy adott t\u00e9rben. Melyik \u00f3zongener\u00e1tor a legjobb aut\u00f3khoz \u00e9s melyik mag\u00e1nlak\u00e1sokhoz? Ez a f\u0151 szempont, amelyet figyelembe kell venni. Miel\u0151tt elkezden\u00e9 \u00f6sszehasonl\u00edtani a rendelkez\u00e9sre \u00e1ll\u00f3 modelleket, gondolja \u00e1t, hogyan k\u00edv\u00e1nja haszn\u00e1lni az \u00f3zongener\u00e1tort. \u00dcgyeljen arra is, hogy vegye figyelembe az \u00f3zonnal kezelni k\u00edv\u00e1nt helyis\u00e9g vagy helyis\u00e9gek m\u00e9ret\u00e9t. Ezut\u00e1n hasonl\u00edtsa \u00f6ssze a kiv\u00e1lasztott modellek teljes\u00edtm\u00e9ny\u00e9t \u00e9s kering\u00e9s\u00e9t, \u00e9s ellen\u0151rizze azt is, hogy ezek a modellek rendelkeznek-e tov\u00e1bbi funkci\u00f3kkal, mint p\u00e9ld\u00e1ul id\u0151z\u00edt\u0151, munkaid\u0151-be\u00e1ll\u00edt\u00e1s vagy UV-f\u00e9ny (be\u00e9p\u00edtett l\u00e1mpa). Ha gyakran azon t\u00f6preng, hogyan fert\u0151tlen\u00edtse hat\u00e9konyan \u00e9s megfelel\u0151en otthon\u00e1t, c\u00e9g\u00e9t vagy aut\u00f3j\u00e1t, az \u00f3zongener\u00e1tor az ide\u00e1lis v\u00e1laszt\u00e1s.<\/p>\n","protected":false},"excerpt":{"rendered":"<p>Az \u00f3zonkezel\u00e9s az egyik leghat\u00e9konyabb m\u00f3dszer a helyis\u00e9gek fert\u0151tlen\u00edt\u00e9s\u00e9re. Olvassa el cikk\u00fcnket, \u00e9s megtudja, melyik \u00f3zongener\u00e1tort&hellip;<\/p>\n","protected":false},"author":12,"featured_media":83848,"comment_status":"closed","ping_status":"closed","sticky":false,"template":"","format":"standard","meta":{"_acf_changed":false,"ub_ctt_via":"","rank_math_lock_modified_date":false,"_strive_post_notes":"","footnotes":""},"categories":[3146],"tags":[],"promotion":[],"class_list":["post-83846","post","type-post","status-publish","format-standard","has-post-thumbnail","hentry","category-takaritas-es-munkahelyi-biztonsag"],"acf":[],"featured_image_src":"https:\/\/www.expondo.hu\/inspiraciok\/wp-content\/uploads\/2021\/04\/what-ozonator-to-choose.jpg","author_info":{"display_name":"Alicja Wo\u017aniak","author_link":"https:\/\/www.expondo.hu\/inspiraciok\/author\/alicja-wozniak\/"},"reading_time":"","author_thumbnail":"https:\/\/secure.gravatar.com\/avatar\/d7a4899b4575c0730c4bfd7ac2448f88?s=96&d=mm&r=g","excerpt_full":"\n<p><strong>Az \u00f3zonkezel\u00e9s az egyik leghat\u00e9konyabb m\u00f3dszer a helyis\u00e9gek fert\u0151tlen\u00edt\u00e9s\u00e9re. Olvassa el cikk\u00fcnket, \u00e9s megtudja, melyik \u00f3zongener\u00e1tort v\u00e1lassza aut\u00f3j\u00e1ba, \u00e9s melyiket otthon\u00e1ba vagy v\u00e1llalkoz\u00e1s\u00e1ba. Ezen k\u00edv\u00fcl \u00f6sszehasonl\u00edtjuk haszn\u00e1latuk el\u0151nyeit takar\u00edt\u00f3- \u00e9s sz\u00e1ll\u00edt\u00f3c\u00e9gekben, valamint m\u0171helyekben. Megn\u00e9zz\u00fck azokat a param\u00e9tereket is, amelyekre figyelni kell az \u00f3zongener\u00e1tor kiv\u00e1laszt\u00e1sakor.<\/strong><\/p>\n\n\n\n\n\n<h2 class=\"wp-block-heading\" id=\"0-mire-haszn%C3%A1lj%C3%A1k-az-%C3%B3zongener%C3%A1torokat\">Mire haszn\u00e1lj\u00e1k az \u00f3zongener\u00e1torokat?<\/h2>\n\n\n\n<p>Az \u00f3zongener\u00e1torok a helyis\u00e9gek leveg\u0151j\u00e9nek tiszt\u00edt\u00e1s\u00e1ra szolg\u00e1lnak a kellemetlen szagokt\u00f3l, bakt\u00e9riumokt\u00f3l, allerg\u00e9nekt\u0151l \u00e9s pen\u00e9szsp\u00f3r\u00e1kt\u00f3l. A gener\u00e1torok sz\u00e1mos k\u00fcl\u00f6nb\u00f6z\u0151 helyen j\u00f3l j\u00f6hetnek. A gy\u00f3gy\u00e1szatban \u00e9s az \u00e9lelmiszer- \u00e9s italiparban magas szint\u0171 higi\u00e9ni\u00e1t biztos\u00edtanak, a professzion\u00e1lis takar\u00edt\u00f3c\u00e9gek pedig t\u0171z vagy \u00e1rv\u00edz ut\u00e1ni takar\u00edt\u00e1skor haszn\u00e1lj\u00e1k \u0151ket. Ide\u00e1lisak mag\u00e1nh\u00e1zak fert\u0151tlen\u00edt\u00e9s\u00e9re is.<\/p>\n\n\n\n<h2 class=\"wp-block-heading\" id=\"1-hogyan-m%C5%B1k%C3%B6dnek-az-%C3%B3zongener%C3%A1torok-\">Hogyan m\u0171k\u00f6dnek az \u00f3zongener\u00e1torok? <\/h2>\n\n\n\n<p>Az \u00f3zongener\u00e1torok \u00fagy \u00e1ll\u00edtj\u00e1k el\u0151 az \u00f3zont, hogy az oxig\u00e9nmolekul\u00e1kat egyes atomokra bontj\u00e1k, amelyek azt\u00e1n a leveg\u0151ben l\u00e9v\u0151 m\u00e1s oxig\u00e9nmolekul\u00e1khoz kapcsol\u00f3dnak, \u00e9s \u00f3zont k\u00e9peznek. Egy sz\u0171r\u0151n kereszt\u00fcl leveg\u0151t sz\u00edvnak be a ventil\u00e1torba, amit azt\u00e1n tov\u00e1bb vezetnek. Az oxig\u00e9nmolekul\u00e1kat elektromos kis\u00fcl\u00e9sek v\u00e1lasztj\u00e1k el egy speci\u00e1lis lemeznek k\u00f6sz\u00f6nhet\u0151en. Ekkor \u00f3zon szabadul fel. F\u00fcggetlen\u00fcl att\u00f3l, hogy melyik \u00f3zongener\u00e1tort v\u00e1lasztja aut\u00f3j\u00e1hoz, otthon\u00e1hoz vagy v\u00e1llalkoz\u00e1s\u00e1hoz, a fent le\u00edrt elv szerint fog m\u0171k\u00f6dni. Egyes modellek UV l\u00e1mp\u00e1val is fel vannak szerelve, amely biocid tulajdons\u00e1gainak k\u00f6sz\u00f6nhet\u0151en fokozza a kibocs\u00e1tott g\u00e1z hat\u00e1s\u00e1t.<\/p>\n\n\n\n<h2 class=\"wp-block-heading\" id=\"2-milyen-%C3%B3zongener%C3%A1tort-v%C3%A1lasszunk-%C3%A9s-mire-%C3%A9rdemes-odafigyelni-\"><strong>Milyen \u00f3zongener\u00e1tort v\u00e1lasszunk \u00e9s mire \u00e9rdemes odafigyelni?<\/strong><\/h2>\n\n\n\n<p>Ha k\u00edv\u00e1ncsi arra, hogy melyik \u00f3zongener\u00e1tort v\u00e1s\u00e1rolja meg, mindenekel\u0151tt a param\u00e9terekre kell figyelnie, amelyeknek \u00f6sszhangban kell lenni\u00fck az \u00d6n ig\u00e9nyeivel. A gy\u00e1rt\u00f3k \u00e1ltal megadott legfontosabb \u00e9rt\u00e9k a mg\/h-ban megadott n\u00e9vleges \u00f3zonhat\u00e9konys\u00e1g. Azt jelzi, hogy a gener\u00e1tor mennyi \u00f3zont termel egy \u00f3ra haszn\u00e1lat sor\u00e1n. Kis helyekre, p\u00e9ld\u00e1ul aut\u00f3kra, a legal\u00e1bb 5000 mg\/h teljes\u00edtm\u00e9ny\u0171 gener\u00e1torok j\u00f3l megfelelnek. Nagy helyis\u00e9gekn\u00e9l viszont az ide\u00e1lis hat\u00e1sfok 15 000 mg\/h k\u00f6r\u00fcl lenne.<\/p>\n\n\n\n<p><br>A gener\u00e1tor m\u00e9rete is befoly\u00e1solja a hat\u00e9konys\u00e1g\u00e1t. Miut\u00e1n ellen\u0151rizte, hogy a gener\u00e1tor mennyi \u00f3zont termel, m\u00e9rlegelnie kell, hogy egy adott m\u00e9ret\u0171 helyis\u00e9ghez melyik \u00f3zongener\u00e1tort v\u00e1lassza. M\u00e1s modellre lesz sz\u00fcks\u00e9ge egy kis lak\u00e1shoz, mint egy nagy gy\u00e1rt\u00f3\u00fczemhez. A param\u00e9terek elemz\u00e9sekor \u00fcgyeljen a ventil\u00e1tor hat\u00e1sfok\u00e1ra. Az \u00f3zonoz\u00e1si folyamat sor\u00e1n a kering\u00e9s hat\u00e9konys\u00e1g\u00e1t jelzi, \u00e9s leggyakrabban cum\/h-ban jelenik meg.<\/p>\n\n\n\n\n\n<h2 class=\"wp-block-heading\" id=\"3-az-%C3%B3zongener%C3%A1torok-t%C3%ADpusai-a-felhaszn%C3%A1l%C3%A1st%C3%B3l-f%C3%BCgg%C5%91en\">Az \u00f3zongener\u00e1torok t\u00edpusai a felhaszn\u00e1l\u00e1st\u00f3l f\u00fcgg\u0151en<\/h2>\n\n\n\n<p>Az \u00f3zongener\u00e1torokat szigor\u00faan meghat\u00e1rozott c\u00e9lra tervezt\u00e9k \u2013 a leveg\u0151 megtiszt\u00edt\u00e1s\u00e1ra a kellemetlen szagokt\u00f3l, bakt\u00e9riumokt\u00f3l, allerg\u00e9nekt\u0151l \u00e9s pen\u00e9szsp\u00f3r\u00e1kt\u00f3l. Pontos c\u00e9ljuk azonban a param\u00e9terekt\u0151l f\u00fcgg. Egyes \u00f3zongener\u00e1torok t\u00f6k\u00e9letesek ipari \u00e9s professzion\u00e1lis haszn\u00e1latra, m\u00e1sok mag\u00e1nlak\u00e1sokhoz vagy j\u00e1rm\u0171vekhez.<\/p>\n\n\n\n<h3 class=\"wp-block-heading\" id=\"4-melyik-%C3%B3zongener%C3%A1tor-a-legjobb-egy-k%C3%B6zleked%C3%A9si-v%C3%A1llalat-sz%C3%A1m%C3%A1ra\">Melyik \u00f3zongener\u00e1tor a legjobb egy k\u00f6zleked\u00e9si v\u00e1llalat sz\u00e1m\u00e1ra?<\/h3>\n\n\n\n<p>Ha \u00f3zongener\u00e1tort szeretne v\u00e1s\u00e1rolni egy k\u00f6zleked\u00e9si v\u00e1llalat sz\u00e1m\u00e1ra, el\u0151sz\u00f6r meg kell tudnia, melyik a legmegfelel\u0151bb j\u00e1rm\u0171ben val\u00f3 haszn\u00e1latra. Nemcsak a kellemetlen szagok elt\u00e1vol\u00edt\u00e1s\u00e1ra szolg\u00e1l majd az aut\u00f3 belsej\u00e9b\u0151l, hanem antibakteri\u00e1lis tiszt\u00edt\u00e1sra is. Ehhez ir\u00e1ny\u00edtsa az \u00f3zongener\u00e1tor kimenet\u00e9t a l\u00e9gkondicion\u00e1l\u00f3 rendszerbe sz\u00edvott leveg\u0151 hely\u00e9re, majd kapcsolja be a bels\u0151 keringtet\u00e9s\u0171 leveg\u0151ell\u00e1t\u00e1st (maxim\u00e1lis teljes\u00edtm\u00e9ny, legalacsonyabb h\u0151m\u00e9rs\u00e9klet).<\/p>\n\n\n\n<p><br>Az aut\u00f3k kl\u00edm\u00e1j\u00e1ra eg\u00e9sz \u00e9vben \u00fcgyelni kell, \u00edgy ny\u00e1ron \u00e9s t\u00e9len is \u00e9rdemes megism\u00e9telni. A teheraut\u00f3 vezet\u0151f\u00fclk\u00e9je vagy a taxi belseje rendszeres haszn\u00e1latuk miatt k\u00fcl\u00f6n\u00f6s figyelmet ig\u00e9nyel, ez\u00e9rt minden k\u00f6zleked\u00e9si v\u00e1llalatot fel kell szerelni \u00f3zongener\u00e1torral. Legal\u00e1bb 5000 mg\/h kapacit\u00e1s\u00fa modell javasolt, hogy viszonylag r\u00f6vid id\u0151n bel\u00fcl \u00e1t lehessen vinni a teljes folyamatot.<\/p>\n\n\n\n<figure class=\"wp-block-table is-style-regular\"><table class=\"has-black-color has-white-background-color has-text-color has-background\"><tbody><tr><td class=\"has-text-align-center\" data-align=\"center\"><\/td><td class=\"has-text-align-center\" data-align=\"center\"><a href=\"https:\/\/www.expondo.co.uk\/ulsonix-industrial-air-purifier-7-000-mg-h-94-w-10050117\/\" target=\"_blank\" rel=\"noreferrer noopener\"><img class=\"wp-image-15401\" style=\"width: 140px;\" src=\"https:\/\/www.expondo.pl\/inspirations\/wp-content\/uploads\/2021\/04\/10050117-1.jpg\" alt=\"\"><\/a><br><a href=\"https:\/\/www.expondo.co.uk\/ulsonix-industrial-air-purifier-7-000-mg-h-94-w-10050117\/\">Industrial Air Purifier- 7,000 mg\/h - 94 W<br><a href=\"https:\/\/www.expondo.co.uk\/ulsonix-industrial-air-purifier-7-000-mg-h-94-w-10050117#\/\"><\/a><\/a><\/td><td class=\"has-text-align-center\" data-align=\"center\"><a href=\"https:\/\/www.expondo.co.uk\/ulsonix-ozone-generator-10-000-mg-h-100-w-timer-180-min-10050237\/\" target=\"_blank\" rel=\"noreferrer noopener\"><img class=\"wp-image-15407\" style=\"width: 140px;\" src=\"https:\/\/www.expondo.pl\/inspirations\/wp-content\/uploads\/2021\/04\/10050237-1.jpg\" alt=\"\"><\/a><br><a href=\"https:\/\/www.expondo.co.uk\/ulsonix-ozone-generator-10-000-mg-h-100-w-timer-180-min-10050237\/\">Ozone Generator - 10,000 mg\/h - 100 W - timer 180 min<\/a><\/td><td class=\"has-text-align-center\" data-align=\"center\"><a href=\"https:\/\/www.expondo.co.uk\/ulsonix-ozone-generator-15-000-mg-h-160-w-digital-10050054\/\" target=\"_blank\" rel=\"noreferrer noopener\"><img class=\"wp-image-15426\" style=\"width: 140px;\" src=\"https:\/\/www.expondo.pl\/inspirations\/wp-content\/uploads\/2021\/04\/10050054-1.jpg\" alt=\"\"><\/a><br><a href=\"https:\/\/www.expondo.co.uk\/ulsonix-ozone-generator-15-000-mg-h-160-w-digital-10050054\/\">Ozone Generator - 15,000 mg\/h - 160 W - digital<\/a><\/td><\/tr><tr><td class=\"has-text-align-center\" data-align=\"center\"><strong>Power<\/strong><\/td><td class=\"has-text-align-center\" data-align=\"center\">94 W<\/td><td class=\"has-text-align-center\" data-align=\"center\">100 W<\/td><td class=\"has-text-align-center\" data-align=\"center\">160 W<\/td><\/tr><tr><td class=\"has-text-align-center\" data-align=\"center\"><strong>Efficiency<\/strong><\/td><td class=\"has-text-align-center\" data-align=\"center\">7000 mg\/h<\/td><td class=\"has-text-align-center\" data-align=\"center\">10000 mg\/h<\/td><td class=\"has-text-align-center\" data-align=\"center\">15000 mg\/h<\/td><\/tr><tr><td class=\"has-text-align-center\" data-align=\"center\"><strong>Circulation<\/strong><\/td><td class=\"has-text-align-center\" data-align=\"center\">170 m\u1dbe\/h<\/td><td class=\"has-text-align-center\" data-align=\"center\">97,5 m\u1dbe\/h<\/td><td class=\"has-text-align-center\" data-align=\"center\">170 m\u1dbe\/h <\/td><\/tr><tr><td class=\"has-text-align-center\" data-align=\"center\"><strong>Timer<\/strong><\/td><td class=\"has-text-align-center\" data-align=\"center\">0 - 120 min<\/td><td class=\"has-text-align-center\" data-align=\"center\">0 - 180 min<\/td><td class=\"has-text-align-center\" data-align=\"center\">0 - 24 h<\/td><\/tr><tr><td class=\"has-text-align-center\" data-align=\"center\"><strong>Voltage \/ Frequency<\/strong><\/td><td class=\"has-text-align-center\" data-align=\"center\">power cable 1,5 m<\/td><td class=\"has-text-align-center\" data-align=\"center\">power cable 1,5 m<\/td><td class=\"has-text-align-center\" data-align=\"center\">power cable 2,3 m<\/td><\/tr><tr><td class=\"has-text-align-center\" data-align=\"center\"><strong>Dimensions (LxWxH)<\/strong><\/td><td class=\"has-text-align-center\" data-align=\"center\">23.50 x 18.00 x 21.30 cm<\/td><td class=\"has-text-align-center\" data-align=\"center\">30.00 x 26.00 x 24.00 cm<\/td><td class=\"has-text-align-center\" data-align=\"center\">38,00 x 24,00 x 34,00 cm<\/td><\/tr><tr><td class=\"has-text-align-center\" data-align=\"center\"><strong>Weight<\/strong><\/td><td class=\"has-text-align-center\" data-align=\"center\">2,80 kg<\/td><td class=\"has-text-align-center\" data-align=\"center\">2,85 kg<\/td><td class=\"has-text-align-center\" data-align=\"center\">5,40 kg<\/td><\/tr><\/tbody><\/table><\/figure>\n\n\n\n<style>\ntable td {\nborder: solid 1px #000;\npadding: 1em;\n}\n<\/style>\n\n\n\n<h2 class=\"wp-block-heading\" id=\"5-melyik-%C3%B3zongener%C3%A1tor-a-legjobb-mag%C3%A1nh%C3%A1zakhoz-%C3%A9s-m%C5%B1helyekhez\">Melyik \u00f3zongener\u00e1tor a legjobb mag\u00e1nh\u00e1zakhoz \u00e9s m\u0171helyekhez?<\/h2>\n\n\n\n<p>Az \u00f3zongener\u00e1torokat nem csak professzion\u00e1lis haszn\u00e1latra sz\u00e1nj\u00e1k. Mag\u00e1nlak\u00e1sokban is hasznosak, bele\u00e9rtve az otthoni m\u0171helyeket is. K\u00fcl\u00f6n\u00f6sen aj\u00e1nlott allergi\u00e1soknak, l\u00e9g\u00fati betegs\u00e9gben szenved\u0151knek \u00e9s \u00fajsz\u00fcl\u00f6tteknek. Haszn\u00e1laton k\u00edv\u00fcli, pl. b\u00e9rbead\u00e1sra sz\u00e1nt ingatlanok leveg\u0151j\u00e9nek felfriss\u00edt\u00e9s\u00e9re is alkalmasak.<\/p>\n\n\n\n<p><br>Ha k\u00edv\u00e1ncsi arra, hogy melyik \u00f3zongener\u00e1tort v\u00e1lasszon egy mag\u00e1nh\u00e1zhoz, akkor is \u00e9rdemes \u00f6sszehasonl\u00edtania a param\u00e9tereket. Nem kell megegyezni\u00fck a professzion\u00e1lis felszerel\u00e9sekkel, de a hat\u00e9konys\u00e1g tov\u00e1bbra is fontos. Ne feledje, hogy a nagyobb hat\u00e9konys\u00e1g gyorsabb \u00f3zonkezel\u00e9st jelent. Sok modell rendelkezik id\u0151z\u00edt\u0151vel a munkaid\u0151 be\u00e1ll\u00edt\u00e1s\u00e1hoz. Kis helyis\u00e9gek (pl. konyha vagy f\u00fcrd\u0151szoba) csak n\u00e9h\u00e1ny percig, m\u00edg a nagyobbak ak\u00e1r k\u00e9t \u00f3r\u00e1t is ig\u00e9nybe vehetnek (modellt\u0151l f\u00fcgg\u0151en).<\/p>\n\n\n\n<p>Az \u00f3zongener\u00e1torok nem az egyetlen berendez\u00e9sek, amelyek seg\u00edtenek fenntartani a magas szint\u0171 higi\u00e9ni\u00e1t otthon. A ruhap\u00e1rol\u00f3k hasonl\u00f3 eszk\u00f6z\u00f6k, b\u00e1r f\u0151leg ruh\u00e1khoz haszn\u00e1lj\u00e1k.<\/p>\n\n\n\n<h2 class=\"wp-block-heading\" id=\"6-milyen-%C3%B3zongener%C3%A1tort-%C3%A9rdemes-v%C3%A1s%C3%A1rolni-%C3%B6sszefoglal%C3%B3\">Milyen \u00f3zongener\u00e1tort \u00e9rdemes v\u00e1s\u00e1rolni - \u00f6sszefoglal\u00f3<\/h2>\n\n\n\n<p>B\u00e1r minden eszk\u00f6z teljes\u00edti alapvet\u0151 rendeltet\u00e9s\u00e9t, nem minden modell lesz hat\u00e9kony \u00e9s optim\u00e1lis egy adott t\u00e9rben. Melyik \u00f3zongener\u00e1tor a legjobb aut\u00f3khoz \u00e9s melyik mag\u00e1nlak\u00e1sokhoz? Ez a f\u0151 szempont, amelyet figyelembe kell venni. Miel\u0151tt elkezden\u00e9 \u00f6sszehasonl\u00edtani a rendelkez\u00e9sre \u00e1ll\u00f3 modelleket, gondolja \u00e1t, hogyan k\u00edv\u00e1nja haszn\u00e1lni az \u00f3zongener\u00e1tort. \u00dcgyeljen arra is, hogy vegye figyelembe az \u00f3zonnal kezelni k\u00edv\u00e1nt helyis\u00e9g vagy helyis\u00e9gek m\u00e9ret\u00e9t. Ezut\u00e1n hasonl\u00edtsa \u00f6ssze a kiv\u00e1lasztott modellek teljes\u00edtm\u00e9ny\u00e9t \u00e9s kering\u00e9s\u00e9t, \u00e9s ellen\u0151rizze azt is, hogy ezek a modellek rendelkeznek-e tov\u00e1bbi funkci\u00f3kkal, mint p\u00e9ld\u00e1ul id\u0151z\u00edt\u0151, munkaid\u0151-be\u00e1ll\u00edt\u00e1s vagy UV-f\u00e9ny (be\u00e9p\u00edtett l\u00e1mpa). Ha gyakran azon t\u00f6preng, hogyan fert\u0151tlen\u00edtse hat\u00e9konyan \u00e9s megfelel\u0151en otthon\u00e1t, c\u00e9g\u00e9t vagy aut\u00f3j\u00e1t, az \u00f3zongener\u00e1tor az ide\u00e1lis v\u00e1laszt\u00e1s.<\/p>\n","_links":{"self":[{"href":"https:\/\/www.expondo.hu\/inspiraciok\/wp-json\/wp\/v2\/posts\/83846"}],"collection":[{"href":"https:\/\/www.expondo.hu\/inspiraciok\/wp-json\/wp\/v2\/posts"}],"about":[{"href":"https:\/\/www.expondo.hu\/inspiraciok\/wp-json\/wp\/v2\/types\/post"}],"author":[{"embeddable":true,"href":"https:\/\/www.expondo.hu\/inspiraciok\/wp-json\/wp\/v2\/users\/12"}],"replies":[{"embeddable":true,"href":"https:\/\/www.expondo.hu\/inspiraciok\/wp-json\/wp\/v2\/comments?post=83846"}],"version-history":[{"count":4,"href":"https:\/\/www.expondo.hu\/inspiraciok\/wp-json\/wp\/v2\/posts\/83846\/revisions"}],"predecessor-version":[{"id":83874,"href":"https:\/\/www.expondo.hu\/inspiraciok\/wp-json\/wp\/v2\/posts\/83846\/revisions\/83874"}],"wp:featuredmedia":[{"embeddable":true,"href":"https:\/\/www.expondo.hu\/inspiraciok\/wp-json\/wp\/v2\/media\/83848"}],"wp:attachment":[{"href":"https:\/\/www.expondo.hu\/inspiraciok\/wp-json\/wp\/v2\/media?parent=83846"}],"wp:term":[{"taxonomy":"category","embeddable":true,"href":"https:\/\/www.expondo.hu\/inspiraciok\/wp-json\/wp\/v2\/categories?post=83846"},{"taxonomy":"post_tag","embeddable":true,"href":"https:\/\/www.expondo.hu\/inspiraciok\/wp-json\/wp\/v2\/tags?post=83846"},{"taxonomy":"promotion","embeddable":true,"href":"https:\/\/www.expondo.hu\/inspiraciok\/wp-json\/wp\/v2\/promotion?post=83846"}],"curies":[{"name":"wp","href":"https:\/\/api.w.org\/{rel}","templated":true}]}}